{"provider_url": "https://www.clevelandia.pr.leg.br", "title": "Hist\u00f3ria da C\u00e2mara Municipal", "html": "<p class=\" \" style=\"text-align: justify; \"><span>Em 21 de setembro de 1892, realizou-se a primeira elei\u00e7\u00e3o municipal, quando foram eleitos o Prefeito e os seis primeiros vereadores da ent\u00e3o Villa Bella Vista de Palmas. Somente em 1908, o munic\u00edpio passou a denominar-se Clevel\u00e2ndia. H\u00e1 uma significativa aus\u00eancia de registros hist\u00f3ricos sobre a C\u00e2mara Municipal de Clevel\u00e2ndia, sendo que apenas a partir de 1948 h\u00e1 documenta\u00e7\u00e3o referente \u00e0s Legislaturas e Leis municipais. Nesse per\u00edodo de 77 anos, ocorreram 19 legislaturas, com um total de 198 vagas ocupadas entre vereadores titulares e suplentes.</span></p>\r\n<p style=\"text-align: center; \"><span><img src=\"https://www.clevelandia.pr.leg.br/imagens/camara/FrenteCmara.png/@@images/b89b09e5-8c75-4a23-97db-60ea91176821.png\" alt=\"\" class=\"image-inline\" title=\"\" /></span></p>\r\n<p class=\" \" style=\"text-align: center; \">Em a C\u00e2mara de Clevel\u00e2ndia se instalou em sua Sede Atual.</p>\r\n<p class=\" \" style=\"text-align: center; \"><span>\u00a0</span><img src=\"https://www.clevelandia.pr.leg.br/imagens/vereadores/19-legislatura/PosseVereadores2025.png/@@images/bb5498a8-5553-4e80-8f98-5e20b49dbcca.png\" alt=\"\" class=\"image-inline\" title=\"\" /></p>\r\n<p class=\" \" style=\"text-align: justify; \"><span style=\"text-align: justify; \">Atualmente, na 19\u00aa Legislatura de 2025-2028 a C\u00e2mara de Clevel\u00e2ndia \u00e9 composta por </span>9<a title=\"\" href=\"https://www.clevelandia.pr.leg.br/processo-legislativo/parlamentares/parlamentares\" class=\"internal-link\" target=\"_self\"> </a>vereadores, <a title=\"\" href=\"https://www.clevelandia.pr.leg.br/processo-legislativo/parlamentares/andreia-aparecida-de-abreu\" class=\"external-link\" target=\"_self\">Andr\u00e9ia Aparecida de Abreu (PSDB)</a>, <a title=\"\" href=\"https://www.clevelandia.pr.leg.br/processo-legislativo/parlamentares/camila-loyola-daneluz\" class=\"external-link\" target=\"_self\">Camila Loyola Daneluz (Republicanos)</a>, <a title=\"\" href=\"https://www.clevelandia.pr.leg.br/processo-legislativo/parlamentares/cinara-borges-de-souza\" class=\"external-link\" target=\"_self\">Cinara Borges de Souza (PSD)</a><span style=\"text-align: justify; \">, <a title=\"\" href=\"https://www.clevelandia.pr.leg.br/processo-legislativo/parlamentares/cristiano-dlugoss\" class=\"external-link\" target=\"_self\">Crstiano Dlugoss (PSD)</a>, <a title=\"\" href=\"https://www.clevelandia.pr.leg.br/processo-legislativo/parlamentares/diego-alcides-martignoni\" class=\"external-link\" target=\"_self\">Diego Alcides Martignoni (PODE)</a>, <a title=\"\" href=\"https://www.clevelandia.pr.leg.br/processo-legislativo/parlamentares/henrique-dallasta\" class=\"external-link\" target=\"_self\">Henrique Dall'Asta (MDB)</a>,\u00a0<a title=\"\" href=\"https://www.clevelandia.pr.leg.br/processo-legislativo/parlamentares/julio-cezar-calgaro-dal-pizzol\" class=\"external-link\" target=\"_self\">Julio Cezar Calgaro Dal Pizzol (Republicanos)</a>, <a title=\"\" href=\"https://www.clevelandia.pr.leg.br/processo-legislativo/parlamentares/manoel-augusto-gollub-inocencio\" class=\"external-link\" target=\"_self\">Manoel Augusto Gollub Inoc\u00eancio (MDB)</a>, <a title=\"\" href=\"https://www.clevelandia.pr.leg.br/processo-legislativo/parlamentares/marsol-miguel-dolny\" class=\"external-link\" target=\"_self\">Marsol Miguel Dolny (PSD)</a>.</span></p>\r\n<p class=\" \" style=\"text-align: justify; \"><span style=\"text-align: justify; \">A <a title=\"\" href=\"https://www.clevelandia.pr.leg.br/processo-legislativo/mesa-diretora\" class=\"internal-link\" target=\"_self\">Mesa Diretora</a>\u00a0do\u00a0Legislativo Municipal no ano de 2026 \u00e9 composta pelo: Presidente - Vereador Manoel Augusto Gollub Inoc\u00eancio (MDB), Vice-Presidente - Vereadora Camila Loyola Daneluz (REP), Primeiro Secret\u00e1rio - Vereador Julio Cezar Calgaro Dal Pizzol (REP), Segunda Secret\u00e1ria - Vereadora Cinara Borges de Souza (PSD).</span></p>", "author_name": "", "version": "1.0", "author_url": "https://www.clevelandia.pr.leg.br/author/adm", "provider_name": "C\u00e2mara Municipal de Clevel\u00e2ndia", "type": "rich"}