{"provider_url": "https://www.clevelandia.pr.leg.br", "title": "Perguntas Frequentes", "html": "        <section class=\"__faq-container\">\r\n\r\n            <hr class=\"__faq-line\" />\r\n\r\n            <div class=\"__faq-summary\">\r\n                <h3 class=\"__faq-title-summary\">Sum\u00e1rio</h3>\r\n                <ul class=\"__faq-list\">\r\n                    <li class=\"__faq-list-item\">\r\n                        <a href=\"#instituicao\">Da Institui\u00e7\u00e3o</a>\r\n                        <ul class=\"__faq-sublist\">\r\n                            <li><a href=\"#instituicao-r1\">O que \u00e9 o Poder Legislativo?</a></li>\r\n                            <li><a href=\"#instituicao-r2\">Qual \u00e9 a fun\u00e7\u00e3o do Poder Legislativo?</a></li>\r\n                            <li><a href=\"#instituicao-r3\">Quais s\u00e3o os funcion\u00e1rios que atuam na C\u00e2mara de\r\n                                    Clevel\u00e2ndia?</a></li>\r\n                            <li><a href=\"#instituicao-r4\">Onde est\u00e1 localizada a C\u00e2mara de Clevel\u00e2ndia?</a></li>\r\n                            <li><a href=\"#instituicao-r5\">Qual \u00e9 o hor\u00e1rio de atendimento da C\u00e2mara?</a></li>\r\n                            <li><a href=\"#instituicao-r6\">Como posso entrar em contato com a Casa de Leis?</a></li>\r\n                            <li><a href=\"#instituicao-r7\">Quais s\u00e3o os sistemas e redes sociais utilizadas pela C\u00e2mara\r\n                                    de Clevel\u00e2ndia?</a></li>\r\n                            <li><a href=\"#instituicao-r8\">Como posso solicitar uma determinada demanda ou informa\u00e7\u00e3o\r\n                                    para a Casa ou um vereador?</a></li>\r\n                        </ul>\r\n                    </li>\r\n                    <li class=\"__faq-list-item\">\r\n                        <a href=\"#processo-legislativo\">Do Processo Legislativo</a>\r\n                        <ul class=\"__faq-sublist\">\r\n                            <li><a href=\"#processo-legislativo-r1\">O que \u00e9 processo legislativo?</a></li>\r\n                            <li><a href=\"#processo-legislativo-r2\">Quais s\u00e3o as etapas do processo legislativo?</a></li>\r\n                            <li><a href=\"#processo-legislativo-r3\">O que s\u00e3o proposi\u00e7\u00f5es legislativas?</a></li>\r\n                            <li><a href=\"#processo-legislativo-r4\">Quais s\u00e3o as mat\u00e9rias legislativas realizadas pela\r\n                                    casa?</a></li>\r\n                            <li><a href=\"#processo-legislativo-r5\">Quem pode propor um instrumento legislativo?</a></li>\r\n                            <li><a href=\"#processo-legislativo-r6\">O que \u00e9 iniciativa popular e como ela funciona?</a>\r\n                            </li>\r\n                            <li><a href=\"#processo-legislativo-r7\">Como posso acompanhar a tramita\u00e7\u00e3o de uma\r\n                                    proposi\u00e7\u00e3o?</a></li>\r\n                            <li><a href=\"#processo-legislativo-r8\">Como \u00e9 realizado a vota\u00e7\u00e3o de uma proposi\u00e7\u00e3o na\r\n                                    C\u00e2mara?</a></li>\r\n                            <li><a href=\"#processo-legislativo-r9\">Como saber quando uma proposi\u00e7\u00e3o vai ser votada em\r\n                                    Plen\u00e1rio?</a></li>\r\n                            <li><a href=\"#processo-legislativo-r10\">O que ocorre ap\u00f3s o parecer favor\u00e1vel dos\r\n                                    vereadores?</a></li>\r\n                            <li><a href=\"#processo-legislativo-r11\">Onde \u00e9 publicada a nova lei?</a></li>\r\n                        </ul>\r\n                    </li>\r\n                    <li class=\"__faq-list-item\">\r\n                        <a href=\"#sessoes-plenarias\">Das Sess\u00f5es Plen\u00e1rias</a>\r\n                        <ul class=\"__faq-sublist\">\r\n                            <li><a href=\"#sessoes-plenarias-r1\">O que \u00e9 uma sess\u00e3o plen\u00e1ria?</a></li>\r\n                            <li><a href=\"#sessoes-plenarias-r2\">Quais s\u00e3o os tipos de sess\u00f5es plen\u00e1rias realizadas pela\r\n                                    C\u00e2mara?</a></li>\r\n                            <li><a href=\"#sessoes-plenarias-r3\">Quando e onde ocorre uma sess\u00e3o ordin\u00e1ria?</a></li>\r\n                            <li><a href=\"#sessoes-plenarias-r4\">Quem pode participar das sess\u00f5es realizadas pela\r\n                                    C\u00e2mara?</a></li>\r\n                            <li><a href=\"#sessoes-plenarias-r5\">O que \u00e9 tribuna livre?</a></li>\r\n                            <li><a href=\"#sessoes-plenarias-r6\">O que \u00e9 pauta da sess\u00e3o e como ela \u00e9 definida?</a></li>\r\n                            <li><a href=\"#sessoes-plenarias-r7\">Como posso acompanhar a grava\u00e7\u00e3o das sess\u00f5es?</a></li>\r\n                            <li><a href=\"#sessoes-plenarias-r8\">O que s\u00e3o atas de sess\u00f5es e onde posso encontr\u00e1-las?</a>\r\n                            </li>\r\n                        </ul>\r\n                    </li>\r\n                    <li class=\"__faq-list-item\">\r\n                        <a href=\"#vereadores\">Dos Vereadores e Composi\u00e7\u00e3o Parlamentar</a>\r\n                        <ul class=\"__faq-sublist\">\r\n                            <li><a href=\"#vereadores-r1\">O que \u00e9 uma legislatura?</a></li>\r\n                            <li><a href=\"#vereadores-r2\">O que s\u00e3o sess\u00f5es legislativas?</a></li>\r\n                            <li><a href=\"#vereadores-r3\">O que \u00e9 Mesa Diretora?</a></li>\r\n                            <li><a href=\"#vereadores-r4\">O que s\u00e3o comiss\u00f5es?</a></li>\r\n                            <li><a href=\"#vereadores-r5\">O que s\u00e3o bancadas partid\u00e1rias?</a></li>\r\n                            <li><a href=\"#vereadores-r6\">Qual \u00e9 a composi\u00e7\u00e3o de parlamentares de Clevel\u00e2ndia?</a></li>\r\n                            <li><a href=\"#vereadores-r7\">Qual \u00e9 a fun\u00e7\u00e3o de um vereador?</a></li>\r\n                            <li><a href=\"#vereadores-r8\">Como posso entrar em contato com um vereador?</a></li>\r\n                        </ul>\r\n                    </li>\r\n                </ul>\r\n            </div>\r\n\r\n            \r\n            <h2 class=\"__faq-title-topic\" id=\"instituicao\">Da Institui\u00e7\u00e3o</h2>\r\n            \r\n\r\n            <details class=\"__faq-item\" id=\"instituicao-r1\">\r\n                <summary class=\"__faq-item-summary\">\r\n                    <h3 class=\"__faq-title-question\">O que \u00e9 o Poder Legislativo?</h3>\r\n                </summary>\r\n                <div class=\"__faq-content\">\r\n                    O Poder Legislativo \u00e9 um dos tr\u00eas poderes do Estado, respons\u00e1vel por elaborar, discutir e aprovar\r\n                    leis que regem a sociedade. No \u00e2mbito municipal, \u00e9 exercido pela C\u00e2mara de Vereadores.\r\n                </div>\r\n            </details>\r\n\r\n            <details class=\"__faq-item\" id=\"instituicao-r2\">\r\n                <summary class=\"__faq-item-summary\">\r\n                    <h3 class=\"__faq-title-question\">Qual \u00e9 a fun\u00e7\u00e3o do Poder Legislativo?</h3>\r\n                </summary>\r\n                <div class=\"__faq-content\">\r\n                    Sua fun\u00e7\u00e3o principal \u00e9 legislar sobre assuntos de interesse local, fiscalizar os atos do Poder\r\n                    Executivo e representar os cidad\u00e3os perante o governo municipal.\r\n                </div>\r\n            </details>\r\n\r\n            <details class=\"__faq-item\" id=\"instituicao-r3\">\r\n                <summary class=\"__faq-item-summary\">\r\n                    <h3 class=\"__faq-title-question\">Quais s\u00e3o os funcion\u00e1rios que atuam na C\u00e2mara de Clevel\u00e2ndia?</h3>\r\n                </summary>\r\n                <div class=\"__faq-content\">\r\n                    Na guia <a href=\"/institucional/estrutura\">estrutura</a> \u00e9 poss\u00edvel encontrar a lista completa dos\r\n                    funcion\u00e1rios que atuam na C\u00e2mara de Clevel\u00e2ndia, incluindo vereadores, assessores, servidores.\r\n                </div>\r\n            </details>\r\n\r\n            <details class=\"__faq-item\" id=\"instituicao-r4\">\r\n                <summary class=\"__faq-item-summary\">\r\n                    <h3 class=\"__faq-title-question\">Onde est\u00e1 localizada a C\u00e2mara de Clevel\u00e2ndia?</h3>\r\n                </summary>\r\n                <div class=\"__faq-content\">\r\n                    A C\u00e2mara Municipal de Clevel\u00e2ndia est\u00e1 situada na Rua Dr. Francisco Beltr\u00e3o, n\u00ba 112, Centro,\r\n                    Clevel\u00e2ndia/PR, CEP: 85530-000.\r\n                    <iframe src=\"https://www.google.com/maps/embed?pb=!4v1775763162475!6m8!1m7!1sJsuRtDg3xwFAGHL3-aYFFA!2m2!1d-26.4061988573174!2d-52.35390448089903!3f310.0202282319891!4f2.5625821237150745!5f0.7820865974627469\" width=\"100%\" height=\"350\" style=\"border:0;\" allowfullscreen=\"\" loading=\"lazy\" referrerpolicy=\"no-referrer-when-downgrade\"></iframe>\r\n                </div>\r\n            </details>\r\n\r\n            <details class=\"__faq-item\" id=\"instituicao-r5\">\r\n                <summary class=\"__faq-item-summary\">\r\n                    <h3 class=\"__faq-title-question\">Qual \u00e9 o hor\u00e1rio de atendimento da C\u00e2mara?</h3>\r\n                </summary>\r\n                <div class=\"__faq-content\">\r\n                    O atendimento ao p\u00fablico ocorre de segunda a sexta-feira, das 07h \u00e0s 13h.\r\n                </div>\r\n            </details>\r\n\r\n            <details class=\"__faq-item\" id=\"instituicao-r6\">\r\n                <summary class=\"__faq-item-summary\">\r\n                    <h3 class=\"__faq-title-question\">Como posso entrar em contato com a Casa de Leis?</h3>\r\n                </summary>\r\n                <div class=\"__faq-content\">\r\n                    O contato pode ser feito pelo telefone (46) 3252-2233 ou pelo e-mail cmclevelandia@gmail.com.\r\n                </div>\r\n            </details>\r\n\r\n            <details class=\"__faq-item\" id=\"instituicao-r7\">\r\n                <summary class=\"__faq-item-summary\">\r\n                    <h3 class=\"__faq-title-question\">Quais s\u00e3o os sistemas e redes sociais utilizadas pela C\u00e2mara de\r\n                        Clevel\u00e2ndia?</h3>\r\n                </summary>\r\n                <div class=\"__faq-content\">\r\n                    A C\u00e2mara utiliza 4 sistemas para demandas diferentes, atualmente usa o Portal Modelo (Site principal\r\n                    ), SAPL (Sistema de Apoio ao Processo Legislativo), Atende.Net (Portal da Transpar\u00eancia) e SigPub\r\n                    (Di\u00e1rio Oficial em conjunto com a prefeitura). Quanto a redes sociais a C\u00e2mara est\u00e1 presente no\r\n                    Facebook e Instagram. Al\u00e9m de usar o YouTube para manter o registro das sess\u00f5es plen\u00e1rias.\r\n                </div>\r\n            </details>\r\n\r\n            <details class=\"__faq-item\" id=\"instituicao-r8\">\r\n                <summary class=\"__faq-item-summary\">\r\n                    <h3 class=\"__faq-title-question\">Como posso solicitar uma determinada demanda ou informa\u00e7\u00e3o para a\r\n                        Casa ou um vereador?</h3>\r\n                </summary>\r\n                <div class=\"__faq-content\">\r\n                    As solicita\u00e7\u00f5es podem ser feitas por meio da <a href=\"/ouvidoria\">Ouvidoria</a> ou entrando em\r\n                    contato por telefone ou email.\r\n                </div>\r\n            </details>\r\n\r\n            \r\n            <h2 class=\"__faq-title-topic\" id=\"processo-legislativo\">Do Processo Legislativo</h2>\r\n            \r\n\r\n            <details class=\"__faq-item\" id=\"processo-legislativo-r1\">\r\n                <summary class=\" __faq-item-summary\">\r\n                <h3 class=\"__faq-title-question\">O que \u00e9 processo legislativo?</h3>\r\n                </summary>\r\n                <div class=\"__faq-content\">\r\n                    \u00c9 o conjunto de atos e procedimentos necess\u00e1rios para a elabora\u00e7\u00e3o, discuss\u00e3o, aprova\u00e7\u00e3o, san\u00e7\u00e3o e\r\n                    publica\u00e7\u00e3o de normas legais.\r\n                </div>\r\n            </details>\r\n\r\n           <details class=\"__faq-item\" id=\"processo-legislativo-r2\">\r\n    <summary class=\"__faq-item-summary\">\r\n        <h3 class=\"__faq-title-question\">Quais s\u00e3o as etapas do processo legislativo?</h3>\r\n    </summary>\r\n    <div class=\"__faq-content\">\r\n                    Etapas Detalhadas do Processo Legislativo Ordin\u00e1rio:\r\n                    <ul>\r\n                        <li>1. Fase Introdut\u00f3ria (Iniciativa):</li>\r\n                           </li>Apresenta\u00e7\u00e3o do projeto de lei (PL) por parlamentares, comiss\u00f5es, Prefeito ou iniciativa popular.</li>\r\n                        <li>2. Fase de Comiss\u00f5es (Instru\u00e7\u00e3o):</li>\r\n                            </li>A proposta \u00e9 analisada por comiss\u00f5es tem\u00e1ticas e pela Comiss\u00e3o de Justi\u00e7a e Reda\u00e7\u00e3o (CJR), \r\n                                    que verificam a constitucionalidade e a legalidade</li>\r\n                        <li>3. Fase de Delibera\u00e7\u00e3o (Vota\u00e7\u00e3o):</li>\r\n                          </li>Discuss\u00e3o e vota\u00e7\u00e3o do projeto no Plen\u00e1rio da Casa.</li>\r\n                        <li>4. Fase Executiva (San\u00e7\u00e3o ou Veto):</li>\r\n                            </li>Aprovado pelo Legislativo, o projeto vai ao Chefe do Executivo (Prefeito), \r\n                                    que tem 15 dias \u00fateis para sancionar (aprovar) ou vetar (rejeitar)</li>\r\n                        <li>o Veto:</li>\r\n                           </li>Pode ser total ou parcial. O Plen\u00e1rio pode rejeitar o veto por maioria absoluta</li>\r\n                        <li>6. Fase Complementar (Promulga\u00e7\u00e3o e Publica\u00e7\u00e3o):</li>\r\n                           </li>Com a san\u00e7\u00e3o ou rejei\u00e7\u00e3o do veto, a lei \u00e9 promulgada (declarada sua exist\u00eancia) e \r\n                                    publicada (divulgada oficialmente para entrar em vigor).</li>\r\n                        <li>Obs: Regime de Urg\u00eancia:</li>\r\n                          </li>Projetos com urg\u00eancia aprovada t\u00eam um per\u00edodo menor para aprecia\u00e7\u00e3o das comiss\u00f5es.</li>\r\n                 </div>\r\n            </details>\r\n\r\n            <details class=\"__faq-item\" id=\"processo-legislativo-r3\">\r\n                <summary class=\"__faq-item-summary\">\r\n                    <h3 class=\"__faq-title-question\">O que s\u00e3o proposi\u00e7\u00f5es legislativas?</h3>\r\n                </summary>\r\n                <div class=\"__faq-content\">\r\n                    S\u00e3o instrumentos formais utilizados pelos parlamentares para apresentar ideias, projetos ou\r\n                    sugest\u00f5es que podem se transformar em normas legais.\r\n                </div>\r\n            </details>\r\n\r\n            <details class=\"__faq-item\" id=\"processo-legislativo-r4\">\r\n                <summary class=\"__faq-item-summary\">\r\n                    <h3 class=\"__faq-title-question\">Quais s\u00e3o as mat\u00e9rias legislativas realizadas pela casa?</h3>\r\n                </summary>\r\n                <div class=\"__faq-content\">\r\n                    A C\u00e2mara elabora:\r\n                    <ul>\r\n                        <li>Projeto de Lei Ordin\u00e1ria</li>\r\n                        <li>Projeto de Lei Complementar</li>\r\n                        <li>Projeto de Lei Substitutivo</li>\r\n                        <li>Projeto de Decreto Legislativo</li>\r\n                        <li>Projeto de Resolu\u00e7\u00e3o Legislativa</li>\r\n                        <li>Projeto de Portaria Legislativa</li>\r\n                        <li>Emenda</li>\r\n                        <li>Mo\u00e7\u00e3o</li>\r\n                        <li>Indica\u00e7\u00e3o</li>\r\n                        <li>Requerimento</li>\r\n                    </ul>\r\n                </div>\r\n            </details>\r\n\r\n            <details class=\"__faq-item\" id=\"processo-legislativo-r5\">\r\n                <summary class=\"__faq-item-summary\">\r\n                    <h3 class=\"__faq-title-question\">Quem pode propor um instrumento legislativo?</h3>\r\n                </summary>\r\n                <div class=\"__faq-content\">\r\n                    Geralmente, os vereadores, a Mesa Diretora, as comiss\u00f5es permanentes e, em alguns casos, o prefeito\r\n                    ou a popula\u00e7\u00e3o por meio de iniciativa popular.\r\n                </div>\r\n            </details>\r\n\r\n            <details class=\"__faq-item\" id=\"processo-legislativo-r6\">\r\n                <summary class=\"__faq-item-summary\">\r\n                    <h3 class=\"__faq-title-question\">O que \u00e9 iniciativa popular e como ela funciona?</h3>\r\n                </summary>\r\n                <div class=\"__faq-content\">\r\n                    \u00c9 o direito dos cidad\u00e3os de apresentar proposi\u00e7\u00f5es legislativas, desde que atendam aos requisitos\r\n                    legais, como n\u00famero m\u00ednimo de assinaturas.\r\n                </div>\r\n            </details>\r\n\r\n            <details class=\"__faq-item\" id=\"processo-legislativo-r7\">\r\n                <summary class=\"__faq-item-summary\">\r\n                    <h3 class=\"__faq-title-question\">Como posso acompanhar a tramita\u00e7\u00e3o de uma proposi\u00e7\u00e3o?</h3>\r\n                </summary>\r\n                <div class=\"__faq-content\">\r\n                    A tramita\u00e7\u00e3o pode ser acompanhada pelo SAPL na op\u00e7\u00e3o \"Acompanhar Mat\u00e9ria\" localizada abaixo de uma\r\n                    proposi\u00e7\u00e3o ap\u00f3s a busca do projeto na guia \"Mat\u00e9ria Legislativas\".\r\n                </div>\r\n            </details>\r\n\r\n            <details class=\"__faq-item\" id=\"processo-legislativo-r8\">\r\n                <summary class=\"__faq-item-summary\">\r\n                    <h3 class=\"__faq-title-question\">Como \u00e9 realizado a vota\u00e7\u00e3o de uma proposi\u00e7\u00e3o na C\u00e2mara?</h3>\r\n                </summary>\r\n                <div class=\"__faq-content\">\r\n                    O processo de vota\u00e7\u00e3o ocorre durante as sess\u00f5es plen\u00e1rias, onde os vereadores discutem e votam as\r\n                </div>\r\n            </details>\r\n\r\n            <details class=\"__faq-item\" id=\"processo-legislativo-r9\">\r\n                <summary class=\"__faq-item-summary\">\r\n                    <h3 class=\"__faq-title-question\">Como saber quando uma proposi\u00e7\u00e3o vai ser votada em Plen\u00e1rio?</h3>\r\n                </summary>\r\n                <div class=\"__faq-content\">\r\n                    A data de vota\u00e7\u00e3o \u00e9 divulgada na pauta das sess\u00f5es, dispon\u00edvel no site oficial da C\u00e2mara.\r\n                </div>\r\n            </details>\r\n\r\n            <details class=\"__faq-item\" id=\"processo-legislativo-r10\">\r\n                <summary class=\"__faq-item-summary\">\r\n                    <h3 class=\"__faq-title-question\">O que ocorre ap\u00f3s o parecer favor\u00e1vel dos vereadores?</h3>\r\n                </summary>\r\n                <div class=\"__faq-content\">\r\n                    A proposi\u00e7\u00e3o \u00e9 encaminhada ao Executivo para san\u00e7\u00e3o ou veto.\r\n                </div>\r\n            </details>\r\n\r\n            <details class=\"__faq-item\" id=\"processo-legislativo-r11\">\r\n                <summary class=\"__faq-item-summary\">\r\n                    <h3 class=\"__faq-title-question\">Onde \u00e9 publicada a nova lei?</h3>\r\n                </summary>\r\n                <div class=\"__faq-content\">\r\n                    As leis aprovadas s\u00e3o publicadas no <a href=\"https://www.diariomunicipal.com.br/amp/pesquisar\" target=\"_blank\">Di\u00e1rio Oficial</a> e disponibilizadas no site <a href=\"https://leismunicipais.com.br/legislacao-municipal/3228/leis-de-clevelandia/\" target=\"_blank\">Leis\r\n                        Municipais de Clevel\u00e2ndia</a>.\r\n                </div>\r\n            </details>\r\n\r\n            \r\n            <h2 class=\"__faq-title-topic\" id=\"sessoes-plenarias\">Das Sess\u00f5es Plen\u00e1rias</h2>\r\n            \r\n\r\n            <details class=\"__faq-item\" id=\"sessoes-plenarias-r1\">\r\n                <summary class=\"__faq-item-summary\">\r\n                    <h3 class=\"__faq-title-question\">O que \u00e9 uma sess\u00e3o plen\u00e1ria?</h3>\r\n                </summary>\r\n                <div class=\"__faq-content\">\r\n                    \u00c9 a reuni\u00e3o oficial dos vereadores para deliberar sobre mat\u00e9rias legislativas, discutir temas\r\n                    relevantes e votar proposi\u00e7\u00f5es.\r\n                </div>\r\n            </details>\r\n\r\n            <details class=\"__faq-item\" id=\"sessoes-plenarias-r2\">\r\n                <summary class=\"__faq-item-summary\">\r\n                    <h3 class=\"__faq-title-question\">Quais s\u00e3o os tipos de sess\u00f5es plen\u00e1rias realizadas pela C\u00e2mara?\r\n                    </h3>\r\n                </summary>\r\n                <div class=\"__faq-content\">\r\n                    A C\u00e2mara realiza sess\u00f5es ordin\u00e1rias, extraordin\u00e1rias e solenes.\r\n                </div>\r\n            </details>\r\n\r\n            <details class=\"__faq-item\" id=\"sessoes-plenarias-r3\">\r\n                <summary class=\"__faq-item-summary\">\r\n                    <h3 class=\"__faq-title-question\">Quando e onde ocorre uma sess\u00e3o ordin\u00e1ria?</h3>\r\n                </summary>\r\n                <div class=\"__faq-content\">\r\n                    As sess\u00f5es ordin\u00e1rias ocorrem \u00e0s segundas-feiras, \u00e0s 19h, na sede da C\u00e2mara Municipal. Confira a <a href=\"/institucional/agenda\">Agenda da C\u00e2mara</a> para obter mais informa\u00e7\u00f5es.\r\n                </div>\r\n            </details>\r\n\r\n            <details class=\"__faq-item\" id=\"sessoes-plenarias-r4\">\r\n                <summary class=\"__faq-item-summary\">\r\n                    <h3 class=\"__faq-title-question\">Quem pode participar das sess\u00f5es realizadas pela C\u00e2mara?</h3>\r\n                </summary>\r\n                <div class=\"__faq-content\">\r\n                    As sess\u00f5es s\u00e3o p\u00fablicas e abertas \u00e0 participa\u00e7\u00e3o da popula\u00e7\u00e3o. Todos t\u00eam o direito de participar.\r\n                </div>\r\n            </details>\r\n\r\n            <details class=\"__faq-item\" id=\"sessoes-plenarias-r5\">\r\n                <summary class=\"__faq-item-summary\">\r\n                    <h3 class=\"__faq-title-question\">O que \u00e9 tribuna livre?</h3>\r\n                </summary>\r\n                <div class=\"__faq-content\">\r\n                    \u00c9 o espa\u00e7o destinado \u00e0 manifesta\u00e7\u00e3o de cidad\u00e3os durante as sess\u00f5es, mediante inscri\u00e7\u00e3o pr\u00e9via e\r\n                    conforme regulamento interno.\r\n                </div>\r\n            </details>\r\n\r\n            <details class=\"__faq-item\" id=\"sessoes-plenarias-r6\">\r\n                <summary class=\"__faq-item-summary\">\r\n                    <h3 class=\"__faq-title-question\">O que \u00e9 pauta da sess\u00e3o e como ela \u00e9 definida?</h3>\r\n                </summary>\r\n                <div class=\"__faq-content\">\r\n                    A pauta \u00e9 a lista de mat\u00e9rias que ser\u00e3o discutidas e votadas na sess\u00e3o, definida pela Mesa Diretora\r\n                    com base nas proposi\u00e7\u00f5es em tramita\u00e7\u00e3o.\r\n                </div>\r\n            </details>\r\n\r\n            <details class=\"__faq-item\" id=\"sessoes-plenarias-r7\">\r\n                <summary class=\"__faq-item-summary\">\r\n                    <h3 class=\"__faq-title-question\">Como posso acompanhar a grava\u00e7\u00e3o das sess\u00f5es?</h3>\r\n                </summary>\r\n                <div class=\"__faq-content\">\r\n                    As grava\u00e7\u00f5es est\u00e3o dispon\u00edveis no canal do <a href=\"https://www.youtube.com/@cmclevelandia\" target=\"_blank\">YouTube da C\u00e2mara</a> podendo ser acessado pela guia de v\u00eddeos.\r\n                </div>\r\n            </details>\r\n\r\n            <details class=\"__faq-item\" id=\"sessoes-plenarias-r8\">\r\n                <summary class=\"__faq-item-summary\">\r\n                    <h3 class=\"__faq-title-question\">O que s\u00e3o atas de sess\u00f5es e onde posso encontr\u00e1-las?</h3>\r\n                </summary>\r\n                <div class=\"__faq-content\">\r\n                    As atas s\u00e3o registros oficiais das delibera\u00e7\u00f5es e ocorr\u00eancias durante as sess\u00f5es, dispon\u00edveis na\r\n                    guia de <a href=\"/processo-legislativo/atas-das-sessoes\">Atas de Sess\u00f5es</a>.\r\n                </div>\r\n            </details>\r\n\r\n            \r\n            <h2 class=\"__faq-title-topic\" id=\"vereadores\">Dos Vereadores e Composi\u00e7\u00e3o Parlamentar</h2>\r\n            \r\n\r\n            <details class=\"__faq-item\" id=\"vereadores-r1\">\r\n                <summary class=\"__faq-item-summary\">\r\n                    <h3 class=\"__faq-title-question\">O que \u00e9 uma legislatura?</h3>\r\n                </summary>\r\n                <div class=\"__faq-content\">\r\n                    \u00c9 o per\u00edodo de mandato dos vereadores de quatro anos, durante o qual exercem suas\r\n                    fun\u00e7\u00f5es legislativas.\r\n                </div>\r\n            </details>\r\n\r\n            <details class=\"__faq-item\" id=\"vereadores-r2\">\r\n                <summary class=\"__faq-item-summary\">\r\n                    <h3 class=\"__faq-title-question\">O que s\u00e3o sess\u00f5es legislativas?</h3>\r\n                </summary>\r\n                <div class=\"__faq-content\">\r\n                    S\u00e3o os per\u00edodos em que ocorrem as atividades parlamentares dentro de uma legislatura, divididos por\r\n                    ano.\r\n                </div>\r\n            </details>\r\n\r\n            <details class=\"__faq-item\" id=\"vereadores-r3\">\r\n                <summary class=\"__faq-item-summary\">\r\n                    <h3 class=\"__faq-title-question\">O que \u00e9 Mesa Diretora?</h3>\r\n                </summary>\r\n                <div class=\"__faq-content\">\r\n                    \u00c9 o \u00f3rg\u00e3o respons\u00e1vel pela dire\u00e7\u00e3o dos trabalhos legislativos e administrativos da C\u00e2mara, composta\r\n                    por presidente, vice-presidente e dois secret\u00e1rios.\r\n                </div>\r\n            </details>\r\n\r\n            <details class=\"__faq-item\" id=\"vereadores-r4\">\r\n                <summary class=\"__faq-item-summary\">\r\n                    <h3 class=\"__faq-title-question\">O que s\u00e3o comiss\u00f5es?</h3>\r\n                </summary>\r\n                <div class=\"__faq-content\">\r\n                    S\u00e3o grupos de vereadores que analisam mat\u00e9rias espec\u00edficas, podendo ser permanentes ou tempor\u00e1rias.\r\n                </div>\r\n            </details>\r\n\r\n            <details class=\"__faq-item\" id=\"vereadores-r5\">\r\n                <summary class=\"__faq-item-summary\">\r\n                    <h3 class=\"__faq-title-question\">O que s\u00e3o bancadas partid\u00e1rias?</h3>\r\n                </summary>\r\n                <div class=\"__faq-content\">\r\n                    S\u00e3o agrupamentos de vereadores de um mesmo partido ou coliga\u00e7\u00e3o, que atuam de forma coordenada nas\r\n                    delibera\u00e7\u00f5es legislativas.\r\n                </div>\r\n            </details>\r\n\r\n            <details class=\"__faq-item\" id=\"vereadores-r6\">\r\n                <summary class=\"__faq-item-summary\">\r\n                    <h3 class=\"__faq-title-question\">Qual \u00e9 a composi\u00e7\u00e3o de parlamentares de Clevel\u00e2ndia?</h3>\r\n                </summary>\r\n                <div class=\"__faq-content\">\r\n                    A C\u00e2mara de Clevel\u00e2ndia \u00e9 composta por 9 vereadores. Confira a lista completa na guia <a href=\"/processo-legislativo/parlamentares\">Parlamentares</a>.\r\n                </div>\r\n            </details>\r\n\r\n            <details class=\"__faq-item\" id=\"vereadores-r7\">\r\n                <summary class=\"__faq-item-summary\">\r\n                    <h3 class=\"__faq-title-question\">Qual \u00e9 a fun\u00e7\u00e3o de um vereador?</h3>\r\n                </summary>\r\n                <div class=\"__faq-content\">\r\n                    O vereador representa os interesses da popula\u00e7\u00e3o, prop\u00f5e leis, fiscaliza o Executivo e participa das\r\n                    decis\u00f5es pol\u00edticas do munic\u00edpio.\r\n                </div>\r\n            </details>\r\n\r\n            <details class=\"__faq-item\" id=\"vereadores-r8\">\r\n                <summary class=\"__faq-item-summary\">\r\n                    <h3 class=\"__faq-title-question\">Como posso entrar em contato com um vereador?</h3>\r\n                </summary>\r\n                <div class=\"__faq-content\">\r\n                    Os contatos dos vereadores est\u00e3o dispon\u00edveis no site oficial da C\u00e2mara, na guia <a href=\"/processo-legislativo/parlamentares\">Parlamentares</a>, clique o parlamentar que deseja\r\n                    obter o contato.\r\n                </div>\r\n            </details>\r\n\r\n        </section>", "author_name": "", "version": "1.0", "author_url": "https://www.clevelandia.pr.leg.br/author/adm", "provider_name": "C\u00e2mara Municipal de Clevel\u00e2ndia", "type": "rich"}